{"id":6644,"date":"2018-12-31T09:52:00","date_gmt":"2018-12-31T08:52:00","guid":{"rendered":"http:\/\/costumes-urbains.com\/?p=6644"},"modified":"2019-03-02T12:00:56","modified_gmt":"2019-03-02T11:00:56","slug":"le-projet-diana-lydia-v-la-serie-introduction","status":"publish","type":"post","link":"https:\/\/costumes-urbains.com\/?p=6644","title":{"rendered":"Le projet Diana , Lydia \u00ab v \u00bb la s\u00e9rie: introduction"},"content":{"rendered":"<p><strong>Les gens de ma g\u00e9n\u00e9ration se souviennent de cette s\u00e9rie \u00e0 cause de la fameuse sc\u00e8ne ou l\u2019on voit Diana manger un hamster, le gosier s\u2019\u00e9tirant \u00e0 la fa\u00e7on d\u2019un serpent. <\/strong><\/p>\n<p><strong><img loading=\"lazy\" decoding=\"async\" class=\"alignnone size-full wp-image-6642\" src=\"http:\/\/costumes-urbains.com\/wp-content\/uploads\/2018\/12\/hqdefault.jpg\" alt=\"\" width=\"480\" height=\"360\" srcset=\"https:\/\/costumes-urbains.com\/wp-content\/uploads\/2018\/12\/hqdefault.jpg 480w, https:\/\/costumes-urbains.com\/wp-content\/uploads\/2018\/12\/hqdefault-300x225.jpg 300w\" sizes=\"auto, (max-width: 480px) 100vw, 480px\" \/><\/strong><br \/>\n<strong>En 1983 j\u2019\u00e9tais une fan de la s\u00e9rie \u00ab V \u00bb. J\u2019\u00e9tais fascin\u00e9e par la terrible et cruelle Diana. J\u2019attendais chaque semaine de pouvoir regarder le nouvel \u00e9pisode.<\/strong><\/p>\n<p><strong><img loading=\"lazy\" decoding=\"async\" class=\"alignnone size-full wp-image-6643\" src=\"http:\/\/costumes-urbains.com\/wp-content\/uploads\/2018\/12\/maxresdefault.jpg\" alt=\"\" width=\"1280\" height=\"720\" srcset=\"https:\/\/costumes-urbains.com\/wp-content\/uploads\/2018\/12\/maxresdefault.jpg 1280w, https:\/\/costumes-urbains.com\/wp-content\/uploads\/2018\/12\/maxresdefault-300x169.jpg 300w, https:\/\/costumes-urbains.com\/wp-content\/uploads\/2018\/12\/maxresdefault-768x432.jpg 768w, https:\/\/costumes-urbains.com\/wp-content\/uploads\/2018\/12\/maxresdefault-1024x576.jpg 1024w\" sizes=\"auto, (max-width: 1280px) 100vw, 1280px\" \/><\/strong><br \/>\n<strong>Cette ann\u00e9e j\u2019ai chang\u00e9 de machine \u00e0 coudre et j\u2019ai pu d\u00e9couvrir le plaisir de coudre du simili cuir. Il ne m\u2019en a pas fallut plus pour avoir envie de lancer ce projet.<\/strong><br \/>\n<strong>Le principal probl\u00e8me de ce projet c\u2019est la date de cr\u00e9ation de la s\u00e9rie. En 1983 on est loin du HD .<\/strong><\/p>\n<p><!--more--><br \/>\n<strong>Il n\u2019y a pas tant que cela d\u2019image sur Google. La plupart son petite, pas tr\u00e8s nettes, retouch\u00e9es et recoloris\u00e9es. deux site m\u2019ont beaucoup aid\u00e9 comme base image :<\/strong><\/p>\n<p><strong><a href=\"https:\/\/www.yourprops.com\/\" rel=\"nofollow\">https:\/\/www.yourprops.com\/<\/a><\/strong><\/p>\n<p><strong><a href=\"http:\/\/www.icollector.com\/\" rel=\"nofollow\">http:\/\/www.icollector.com\/<\/a><\/strong><\/p>\n<p><strong>Je me suis tr\u00e8s rapidement d\u00e9cid\u00e9e \u00e0 regarder de nouveau la s\u00e9rie afin de pouvoir chiner plus de pr\u00e9cisions ou trouver des r\u00e9ponses \u00e0 certaines de mes questions sur la composition, les mati\u00e8res ou m\u00eame les couleurs employ\u00e9es de l\u2019\u00e9poque.<\/strong><\/p>\n<p><strong>La premi\u00e8re Mini s\u00e9rie \u00ab V \u00bbthe last Battle ne devait pas beaucoup avoir de budget ou peut \u00eatre\u00a0 que tout a \u00e9t\u00e9 engloutie dans les\u00a0 effets sp\u00e9ciaux.<\/strong><br \/>\n<strong>Quand on regarde un costume original de la s\u00e9rie on s\u2019aper\u00e7oit vite que les logos sont dessin\u00e9s parfois aux feutres, cousu tr\u00e8s vite \u00e0 gros point \u00e0 la main sur des combinaisons de travail rouge qui n&rsquo;ont pas toutes le m\u00eame\u00a0 rouge. Les galons sont de simples \u00e9lastiques noirs et non pas du ruban ou galon velours. il y a du velcro un peu partout.\u00a0<\/strong><br \/>\n<strong>Les gilets en forme de V que portent les visiteurs sont d\u00e9pareill\u00e9s (mati\u00e8res, bains de couleurs, composition). C&rsquo;est une notion importante qu&rsquo;il faut vraiment garder \u00e0 l&rsquo;esprit, elle\u00a0 est m\u00eame fondamentale et\u00a0 explique \u00e0 elle seule presque tout.\u00a0<\/strong><\/p>\n<p><strong>Si je devais la r\u00e9sumer je dirais ceci : pour reproduire fid\u00e8lement un costume de cette s\u00e9rie il faudrait faire du \u00ab\u00a0mal fini, vite fait et de fa\u00e7on drastiquement \u00e9conomique (bannir les mati\u00e8res nobles).<\/strong><\/p>\n<p><strong>Je sais\u00a0 je manque de po\u00e9sie et je viens de faire hurler l&rsquo;ensemble des fans de la s\u00e9rie mais c&rsquo;est pourtant la r\u00e9alit\u00e9.\u00a0 comme je pourrais\u00a0 vous le montrer plus tard\u00a0 avec des images de costumes originaux.\u00a0<\/strong><\/p>\n<p><strong>deux petits exemples pour vous enlever de l&rsquo;esprit que je suis m\u00e9chante : la jolie robe\u00a0 de soie ( satin) que porte\u00a0 Diana: de loin<\/strong><\/p>\n<p><strong><img loading=\"lazy\" decoding=\"async\" class=\"alignnone size-full wp-image-6647\" src=\"http:\/\/costumes-urbains.com\/wp-content\/uploads\/2018\/12\/dia.jpg\" alt=\"\" width=\"268\" height=\"769\" srcset=\"https:\/\/costumes-urbains.com\/wp-content\/uploads\/2018\/12\/dia.jpg 268w, https:\/\/costumes-urbains.com\/wp-content\/uploads\/2018\/12\/dia-105x300.jpg 105w\" sizes=\"auto, (max-width: 268px) 100vw, 268px\" \/><\/strong><\/p>\n<p><strong>de pr\u00e9s:<\/strong><\/p>\n<p>&nbsp;<\/p>\n<p><strong><img loading=\"lazy\" decoding=\"async\" class=\"alignnone size-full wp-image-6648\" src=\"http:\/\/costumes-urbains.com\/wp-content\/uploads\/2018\/12\/det.jpg\" alt=\"\" width=\"340\" height=\"340\" srcset=\"https:\/\/costumes-urbains.com\/wp-content\/uploads\/2018\/12\/det.jpg 340w, https:\/\/costumes-urbains.com\/wp-content\/uploads\/2018\/12\/det-150x150.jpg 150w, https:\/\/costumes-urbains.com\/wp-content\/uploads\/2018\/12\/det-300x300.jpg 300w\" sizes=\"auto, (max-width: 340px) 100vw, 340px\" \/><\/strong><\/p>\n<p><strong>Le costume de Philip:de loin<\/strong><\/p>\n<p><strong><img loading=\"lazy\" decoding=\"async\" class=\"alignnone size-full wp-image-6649\" src=\"http:\/\/costumes-urbains.com\/wp-content\/uploads\/2018\/12\/Sans-titre-15.jpg\" alt=\"\" width=\"362\" height=\"762\" srcset=\"https:\/\/costumes-urbains.com\/wp-content\/uploads\/2018\/12\/Sans-titre-15.jpg 362w, https:\/\/costumes-urbains.com\/wp-content\/uploads\/2018\/12\/Sans-titre-15-143x300.jpg 143w\" sizes=\"auto, (max-width: 362px) 100vw, 362px\" \/><\/strong><\/p>\n<p><strong>Le costume de Philip: de pr\u00e9s<\/strong><\/p>\n<p><strong>Le logo fait \u00e0 la va vite qui s&rsquo;effiloche\u00a0 : pas de broderie mais de la\u00a0 feutrine\u00a0 coll\u00e9 en\u00a0 guise de logo !<\/strong><\/p>\n<p><img loading=\"lazy\" decoding=\"async\" class=\"alignnone size-full wp-image-6755\" src=\"http:\/\/costumes-urbains.com\/wp-content\/uploads\/2018\/12\/logo-philip.jpg\" alt=\"\" width=\"744\" height=\"634\" srcset=\"https:\/\/costumes-urbains.com\/wp-content\/uploads\/2018\/12\/logo-philip.jpg 744w, https:\/\/costumes-urbains.com\/wp-content\/uploads\/2018\/12\/logo-philip-300x256.jpg 300w\" sizes=\"auto, (max-width: 744px) 100vw, 744px\" \/><\/p>\n<p>l<strong>a colle d\u00e9borde, les passant de ceinture ne sont\u00a0 m\u00eame\u00a0 pas \u00e0 la m\u00eame hauteur !<\/strong><\/p>\n<p><strong><img loading=\"lazy\" decoding=\"async\" class=\"alignnone size-full wp-image-6650\" src=\"http:\/\/costumes-urbains.com\/wp-content\/uploads\/2018\/12\/logo-phil-2.jpg\" alt=\"\" width=\"758\" height=\"473\" srcset=\"https:\/\/costumes-urbains.com\/wp-content\/uploads\/2018\/12\/logo-phil-2.jpg 758w, https:\/\/costumes-urbains.com\/wp-content\/uploads\/2018\/12\/logo-phil-2-300x187.jpg 300w\" sizes=\"auto, (max-width: 758px) 100vw, 758px\" \/><\/strong><\/p>\n<p><strong>et ce ne sont pas des cas \u00e0 part, loin de l\u00e0.<\/strong><\/p>\n<p><strong>La composition reste simple : une combinaison de travail rouge, un overlay, une ceinture en sangle et boucle sac \u00e0 dos, une petite pochette de jumelle, une casquette, une paire de lunette et des bottes cavaliers, des gantelets, quelques logos,\u00a0 un blaster et un holster. Si vous respectez cela\u00a0 vous avez tout bon !<\/strong><\/p>\n<p><strong><img loading=\"lazy\" decoding=\"async\" class=\"alignnone size-full wp-image-6646\" src=\"http:\/\/costumes-urbains.com\/wp-content\/uploads\/2018\/12\/44839788_272890136749995_5009930453698752433_n.jpg\" alt=\"\" width=\"480\" height=\"480\" srcset=\"https:\/\/costumes-urbains.com\/wp-content\/uploads\/2018\/12\/44839788_272890136749995_5009930453698752433_n.jpg 480w, https:\/\/costumes-urbains.com\/wp-content\/uploads\/2018\/12\/44839788_272890136749995_5009930453698752433_n-150x150.jpg 150w, https:\/\/costumes-urbains.com\/wp-content\/uploads\/2018\/12\/44839788_272890136749995_5009930453698752433_n-300x300.jpg 300w\" sizes=\"auto, (max-width: 480px) 100vw, 480px\" \/><\/strong><\/p>\n<p><strong>Mais le projet reste tout de m\u00eame\u00a0 tr\u00e8s complet : oui parce que je vais tout faire moi-m\u00eame !!!<\/strong><br \/>\n<strong>J\u2019ai donc d\u00e9cid\u00e9 non pas de faire un simple cosplay, mais vraiment comme une \u00e9tude de cas\u00a0 afin d&rsquo;obtenir de vrais costumes et vous allez voir qu\u2019il y a beaucoup \u00e0 dire et \u00e0 redire.\u00a0<\/strong><\/p>\n<p><strong>Au fil de mes recherches, j\u2019ai vu de vraies horreurs, vraiment tr\u00e8s loin de l\u2019interpr\u00e9tation. Je me suis donc attach\u00e9e \u00e0 chercher les infimes d\u00e9tails qui font je pense une vraie diff\u00e9rence. Et m\u00eame si je n\u2019ai pas fait de r\u00e9plique, je pense donner l\u2019image de la qualit\u00e9 et surtout d\u2019une d\u00e9marche. <\/strong><\/p>\n<p><strong>Je ne me contente pas de simplement copier. Coudre\u00a0 c&rsquo;est\u00a0 \u00e9galement comprendre pour donner du sens a ce que l&rsquo;on va porter.<\/strong><\/p>\n<p><strong>Tout au long de ce projet, J\u2019ai pu compter sur l\u2019aide de plusieurs personnes vraiment gentilles : je les remercie de m\u2019avoir accord\u00e9 du temps, d\u2019avoir \u00e9chang\u00e9 avec moi et aiguill\u00e9e lorsque je me perdais.<\/strong><br \/>\n<strong>J\u2019ai ensuite ax\u00e9 mes conclusions sur mes convictions et\u00a0 pas sur celle des autres.<\/strong><br \/>\n<strong>Je pourrais en\u00a0 d\u00e9montrer certaines et d\u2019autres ne resteront que de l\u2019hypoth\u00e8se n\u2019ayant parfois pas de model original sur quoi me baser.<\/strong><br \/>\n<strong>Je suis devenue au fil des ann\u00e9es une habitu\u00e9e comme vous le savez de la reproduction d\u2019apr\u00e8s image. Ma d\u00e9marche pour ce costume \u00e0 \u00e9t\u00e9 la m\u00eame que celle que j\u2019emploie pour les gravures historiques \u00e0 savoir : comprendre pour mieux progresser.<\/strong><\/p>\n<p>&nbsp;<\/p>\n","protected":false},"excerpt":{"rendered":"<p>Les gens de ma g\u00e9n\u00e9ration se souviennent de cette s\u00e9rie \u00e0 cause de la fameuse sc\u00e8ne ou l\u2019on voit Diana manger un hamster, le gosier s\u2019\u00e9tirant \u00e0 la fa\u00e7on d\u2019un serpent. En 1983 j\u2019\u00e9tais une fan de la s\u00e9rie \u00ab V \u00bb. J\u2019\u00e9tais fascin\u00e9e par la terrible et cruelle Diana. J\u2019attendais chaque semaine de pouvoir [&hellip;]<\/p>\n","protected":false},"author":1,"featured_media":0,"comment_status":"open","ping_status":"open","sticky":false,"template":"","format":"standard","meta":{"jetpack_post_was_ever_published":false,"_jetpack_newsletter_access":"","_jetpack_dont_email_post_to_subs":false,"_jetpack_newsletter_tier_id":0,"_jetpack_memberships_contains_paywalled_content":false,"_jetpack_memberships_contains_paid_content":false,"footnotes":"","jetpack_publicize_message":"","jetpack_publicize_feature_enabled":true,"jetpack_social_post_already_shared":true,"jetpack_social_options":{"image_generator_settings":{"template":"highway","default_image_id":0,"font":"","enabled":false},"version":2}},"categories":[14,13],"tags":[100,101,47],"class_list":["post-6644","post","type-post","status-publish","format-standard","hentry","category-cosplay","category-making-off","tag-v","tag-jane-badler","tag-serie-tv"],"jetpack_publicize_connections":[],"jetpack_featured_media_url":"","jetpack_sharing_enabled":true,"jetpack_likes_enabled":true,"_links":{"self":[{"href":"https:\/\/costumes-urbains.com\/index.php?rest_route=\/wp\/v2\/posts\/6644","targetHints":{"allow":["GET"]}}],"collection":[{"href":"https:\/\/costumes-urbains.com\/index.php?rest_route=\/wp\/v2\/posts"}],"about":[{"href":"https:\/\/costumes-urbains.com\/index.php?rest_route=\/wp\/v2\/types\/post"}],"author":[{"embeddable":true,"href":"https:\/\/costumes-urbains.com\/index.php?rest_route=\/wp\/v2\/users\/1"}],"replies":[{"embeddable":true,"href":"https:\/\/costumes-urbains.com\/index.php?rest_route=%2Fwp%2Fv2%2Fcomments&post=6644"}],"version-history":[{"count":6,"href":"https:\/\/costumes-urbains.com\/index.php?rest_route=\/wp\/v2\/posts\/6644\/revisions"}],"predecessor-version":[{"id":6759,"href":"https:\/\/costumes-urbains.com\/index.php?rest_route=\/wp\/v2\/posts\/6644\/revisions\/6759"}],"wp:attachment":[{"href":"https:\/\/costumes-urbains.com\/index.php?rest_route=%2Fwp%2Fv2%2Fmedia&parent=6644"}],"wp:term":[{"taxonomy":"category","embeddable":true,"href":"https:\/\/costumes-urbains.com\/index.php?rest_route=%2Fwp%2Fv2%2Fcategories&post=6644"},{"taxonomy":"post_tag","embeddable":true,"href":"https:\/\/costumes-urbains.com\/index.php?rest_route=%2Fwp%2Fv2%2Ftags&post=6644"}],"curies":[{"name":"wp","href":"https:\/\/api.w.org\/{rel}","templated":true}]}}