{"id":6958,"date":"2019-04-01T10:28:04","date_gmt":"2019-04-01T08:28:04","guid":{"rendered":"http:\/\/costumes-urbains.com\/?p=6958"},"modified":"2019-03-02T13:40:21","modified_gmt":"2019-03-02T12:40:21","slug":"le-projet-diana-le-costume-de-ceremonie-v-la-serie-les-gantelets-et-la-cagoule","status":"publish","type":"post","link":"https:\/\/costumes-urbains.com\/?p=6958","title":{"rendered":"Le projet Diana , Le costume de c\u00e9r\u00e9monie \u00ab v \u00bb la s\u00e9rie: les gantelets  et  la cagoule"},"content":{"rendered":"<p><strong>La cagoule:<\/strong><\/p>\n<p><strong>C\u2019est un patron d&rsquo;une balaclava dans lequel j\u2019ai ajout\u00e9 un trou au niveau du crane pour <\/strong><\/p>\n<p><strong><img loading=\"lazy\" decoding=\"async\" class=\"alignnone size-full wp-image-6961\" src=\"http:\/\/costumes-urbains.com\/wp-content\/uploads\/2019\/03\/20181230_111940.jpg\" alt=\"\" width=\"1500\" height=\"2000\" srcset=\"https:\/\/costumes-urbains.com\/wp-content\/uploads\/2019\/03\/20181230_111940.jpg 1500w, https:\/\/costumes-urbains.com\/wp-content\/uploads\/2019\/03\/20181230_111940-225x300.jpg 225w, https:\/\/costumes-urbains.com\/wp-content\/uploads\/2019\/03\/20181230_111940-768x1024.jpg 768w\" sizes=\"auto, (max-width: 1500px) 100vw, 1500px\" \/><\/strong><\/p>\n<p><!--more--><\/p>\n<p><strong><img loading=\"lazy\" decoding=\"async\" class=\"alignnone size-full wp-image-6966\" src=\"http:\/\/costumes-urbains.com\/wp-content\/uploads\/2019\/03\/20181229_183953.jpg\" alt=\"\" width=\"1500\" height=\"2000\" srcset=\"https:\/\/costumes-urbains.com\/wp-content\/uploads\/2019\/03\/20181229_183953.jpg 1500w, https:\/\/costumes-urbains.com\/wp-content\/uploads\/2019\/03\/20181229_183953-225x300.jpg 225w, https:\/\/costumes-urbains.com\/wp-content\/uploads\/2019\/03\/20181229_183953-768x1024.jpg 768w\" sizes=\"auto, (max-width: 1500px) 100vw, 1500px\" \/>passer les cheveux. Il y a un syst\u00e8me de ruban pour ajuster le bandeau. Ce n\u2019est pas ma partie pr\u00e9f\u00e9r\u00e9e du costume\u00a0 mais elle en fait partie. Je ne suis pas tr\u00e8s \u00e0 l\u2019aise lorsque je porte la cagoule\u2026 Dans l\u2019ann\u00e9e 80 tous les enfants (moi aussi) portaient la fameuse (affreuse) cagoule en laine. Mais bon je me dis que si j\u2019arrive a bien me coiffer et me maquiller j\u2019arriverais \u00e0 l\u2019assumer (ou pas mdrrr , on verra) .<\/strong><\/p>\n<p><img loading=\"lazy\" decoding=\"async\" class=\"alignnone size-full wp-image-6960\" src=\"http:\/\/costumes-urbains.com\/wp-content\/uploads\/2019\/03\/20181229_195237.jpg\" alt=\"\" width=\"1500\" height=\"2000\" srcset=\"https:\/\/costumes-urbains.com\/wp-content\/uploads\/2019\/03\/20181229_195237.jpg 1500w, https:\/\/costumes-urbains.com\/wp-content\/uploads\/2019\/03\/20181229_195237-225x300.jpg 225w, https:\/\/costumes-urbains.com\/wp-content\/uploads\/2019\/03\/20181229_195237-768x1024.jpg 768w\" sizes=\"auto, (max-width: 1500px) 100vw, 1500px\" \/><\/p>\n<p><strong>Les gantelets :<\/strong><\/p>\n<p><strong>J\u2019ai choisi de faire des Gantelets ind\u00e9pendants en simili cuir (pas int\u00e9gr\u00e9 au lycra). Parce que je n\u2019ai pas trouv\u00e9 de tissu contraste de la m\u00eame mati\u00e8re pour pouvoir les int\u00e9grer aux manches.<\/strong><br \/>\n<strong>Ils sont en simili cuir assortie au plastron, le patron c\u2019est celui de la tenue blanche de Diana mais ils sont un peu moins hauts. J\u2019ai du fabriquer mon propre tissu contraste : J\u2019ai r\u00e9alis\u00e9 les \u00e9cailles \u00e0 la main avec un marqueur ind\u00e9l\u00e9bile argent. J\u2019ai recommenc\u00e9 plusieurs fois parce que certains marqueurs ne s\u00e9chaient pas, d\u2019autres bavaient avec la chaleur. <\/strong><\/p>\n<p><img loading=\"lazy\" decoding=\"async\" class=\"alignnone size-full wp-image-6962\" src=\"http:\/\/costumes-urbains.com\/wp-content\/uploads\/2019\/03\/20181221_183548.jpg\" alt=\"\" width=\"1500\" height=\"1125\" srcset=\"https:\/\/costumes-urbains.com\/wp-content\/uploads\/2019\/03\/20181221_183548.jpg 1500w, https:\/\/costumes-urbains.com\/wp-content\/uploads\/2019\/03\/20181221_183548-300x225.jpg 300w, https:\/\/costumes-urbains.com\/wp-content\/uploads\/2019\/03\/20181221_183548-768x576.jpg 768w, https:\/\/costumes-urbains.com\/wp-content\/uploads\/2019\/03\/20181221_183548-1024x768.jpg 1024w\" sizes=\"auto, (max-width: 1500px) 100vw, 1500px\" \/> <img loading=\"lazy\" decoding=\"async\" class=\"alignnone size-full wp-image-6963\" src=\"http:\/\/costumes-urbains.com\/wp-content\/uploads\/2019\/03\/20181221_184918.jpg\" alt=\"\" width=\"1500\" height=\"1125\" srcset=\"https:\/\/costumes-urbains.com\/wp-content\/uploads\/2019\/03\/20181221_184918.jpg 1500w, https:\/\/costumes-urbains.com\/wp-content\/uploads\/2019\/03\/20181221_184918-300x225.jpg 300w, https:\/\/costumes-urbains.com\/wp-content\/uploads\/2019\/03\/20181221_184918-768x576.jpg 768w, https:\/\/costumes-urbains.com\/wp-content\/uploads\/2019\/03\/20181221_184918-1024x768.jpg 1024w\" sizes=\"auto, (max-width: 1500px) 100vw, 1500px\" \/><br \/>\n<strong>Le montage est identique \u00e0 ceux de la tenue blanche de Diana<\/strong><br \/>\n<strong>Ils sont un peu moins propres que les autres \u00e0 l\u2019int\u00e9rieur. J\u2019ai trouv\u00e9 un tr\u00e8s joli galon bien brillant conforme \u00e0 ceux dans la s\u00e9rie.<\/strong><\/p>\n<p><img loading=\"lazy\" decoding=\"async\" class=\"alignnone size-full wp-image-6964\" src=\"http:\/\/costumes-urbains.com\/wp-content\/uploads\/2019\/03\/20181223_171343.jpg\" alt=\"\" width=\"1500\" height=\"2000\" srcset=\"https:\/\/costumes-urbains.com\/wp-content\/uploads\/2019\/03\/20181223_171343.jpg 1500w, https:\/\/costumes-urbains.com\/wp-content\/uploads\/2019\/03\/20181223_171343-225x300.jpg 225w, https:\/\/costumes-urbains.com\/wp-content\/uploads\/2019\/03\/20181223_171343-768x1024.jpg 768w\" sizes=\"auto, (max-width: 1500px) 100vw, 1500px\" \/> <img loading=\"lazy\" decoding=\"async\" class=\"alignnone size-full wp-image-6965\" src=\"http:\/\/costumes-urbains.com\/wp-content\/uploads\/2019\/03\/20181223_175446.jpg\" alt=\"\" width=\"1500\" height=\"2000\" srcset=\"https:\/\/costumes-urbains.com\/wp-content\/uploads\/2019\/03\/20181223_175446.jpg 1500w, https:\/\/costumes-urbains.com\/wp-content\/uploads\/2019\/03\/20181223_175446-225x300.jpg 225w, https:\/\/costumes-urbains.com\/wp-content\/uploads\/2019\/03\/20181223_175446-768x1024.jpg 768w\" sizes=\"auto, (max-width: 1500px) 100vw, 1500px\" \/><\/p>\n<p><strong> Le probl\u00e8me c\u2019est qu\u2019ils sont en une sorte de carton thermocollant qui n\u2019a jamais voulu thermo coller sur le simili. J\u2019ai fini par les coudre et avec les \u00e9paisseurs c\u2019est vite devenu l\u2019enfer.<\/strong><\/p>\n<p><img loading=\"lazy\" decoding=\"async\" class=\"alignnone size-full wp-image-6967\" src=\"http:\/\/costumes-urbains.com\/wp-content\/uploads\/2019\/03\/fff.jpg\" alt=\"\" width=\"1500\" height=\"2978\" srcset=\"https:\/\/costumes-urbains.com\/wp-content\/uploads\/2019\/03\/fff.jpg 1500w, https:\/\/costumes-urbains.com\/wp-content\/uploads\/2019\/03\/fff-151x300.jpg 151w, https:\/\/costumes-urbains.com\/wp-content\/uploads\/2019\/03\/fff-768x1525.jpg 768w, https:\/\/costumes-urbains.com\/wp-content\/uploads\/2019\/03\/fff-516x1024.jpg 516w\" sizes=\"auto, (max-width: 1500px) 100vw, 1500px\" \/><\/p>\n","protected":false},"excerpt":{"rendered":"<p>La cagoule: C\u2019est un patron d&rsquo;une balaclava dans lequel j\u2019ai ajout\u00e9 un trou au niveau du crane pour<\/p>\n","protected":false},"author":1,"featured_media":0,"comment_status":"open","ping_status":"open","sticky":false,"template":"","format":"standard","meta":{"jetpack_post_was_ever_published":false,"_jetpack_newsletter_access":"","_jetpack_dont_email_post_to_subs":false,"_jetpack_newsletter_tier_id":0,"_jetpack_memberships_contains_paywalled_content":false,"_jetpack_memberships_contains_paid_content":false,"footnotes":"","jetpack_publicize_message":"","jetpack_publicize_feature_enabled":true,"jetpack_social_post_already_shared":true,"jetpack_social_options":{"image_generator_settings":{"template":"highway","default_image_id":0,"font":"","enabled":false},"version":2}},"categories":[13],"tags":[100,101,47],"class_list":["post-6958","post","type-post","status-publish","format-standard","hentry","category-making-off","tag-v","tag-jane-badler","tag-serie-tv"],"jetpack_publicize_connections":[],"jetpack_featured_media_url":"","jetpack_sharing_enabled":true,"jetpack_likes_enabled":true,"_links":{"self":[{"href":"https:\/\/costumes-urbains.com\/index.php?rest_route=\/wp\/v2\/posts\/6958","targetHints":{"allow":["GET"]}}],"collection":[{"href":"https:\/\/costumes-urbains.com\/index.php?rest_route=\/wp\/v2\/posts"}],"about":[{"href":"https:\/\/costumes-urbains.com\/index.php?rest_route=\/wp\/v2\/types\/post"}],"author":[{"embeddable":true,"href":"https:\/\/costumes-urbains.com\/index.php?rest_route=\/wp\/v2\/users\/1"}],"replies":[{"embeddable":true,"href":"https:\/\/costumes-urbains.com\/index.php?rest_route=%2Fwp%2Fv2%2Fcomments&post=6958"}],"version-history":[{"count":1,"href":"https:\/\/costumes-urbains.com\/index.php?rest_route=\/wp\/v2\/posts\/6958\/revisions"}],"predecessor-version":[{"id":6968,"href":"https:\/\/costumes-urbains.com\/index.php?rest_route=\/wp\/v2\/posts\/6958\/revisions\/6968"}],"wp:attachment":[{"href":"https:\/\/costumes-urbains.com\/index.php?rest_route=%2Fwp%2Fv2%2Fmedia&parent=6958"}],"wp:term":[{"taxonomy":"category","embeddable":true,"href":"https:\/\/costumes-urbains.com\/index.php?rest_route=%2Fwp%2Fv2%2Fcategories&post=6958"},{"taxonomy":"post_tag","embeddable":true,"href":"https:\/\/costumes-urbains.com\/index.php?rest_route=%2Fwp%2Fv2%2Ftags&post=6958"}],"curies":[{"name":"wp","href":"https:\/\/api.w.org\/{rel}","templated":true}]}}